{"id":204,"date":"2019-04-19T07:15:33","date_gmt":"2019-04-19T07:15:33","guid":{"rendered":"http:\/\/nativa-institute.eu\/?p=204"},"modified":"2019-04-22T12:50:13","modified_gmt":"2019-04-22T12:50:13","slug":"amoureux-de-la-nature-et-de-laventure-voici-les-montagnes-maudites-kosovo-et-montenegro-calling","status":"publish","type":"post","link":"https:\/\/nativa-institute.eu\/index.php\/2019\/04\/19\/amoureux-de-la-nature-et-de-laventure-voici-les-montagnes-maudites-kosovo-et-montenegro-calling\/","title":{"rendered":"Amoureux de la nature et de l\u2019aventure,  voici les Montagnes Maudites !  Kosovo et Mont\u00e9n\u00e9gro calling !"},"content":{"rendered":"\n<p><br><em>Franck Gaudilli\u00e8re <\/em><br><em>#franckplanete<\/em><br><\/p>\n\n\n\n<p>Amoureux\nde la Nature, j\u2019ai le plaisir de vous pr\u00e9senter cette r\u00e9gion transfrontali\u00e8re\nentre le Mont\u00e9n\u00e9gro et le Kosovo: \u00ab&nbsp;Montagnes Maudites&nbsp;\u00bb ou un\nsanctuaire pour la Nature comme on aime la voir lorsqu\u2019on part en balade, lorsqu\u2019on\npart en randonn\u00e9e, lorsqu\u2019on part \u00e0 l\u2019aventure, bref, une Nature comme on aime\nla voir quand on en est amoureux.<\/p>\n\n\n\n<figure class=\"wp-block-image\"><img loading=\"lazy\" decoding=\"async\" width=\"1024\" height=\"632\" src=\"http:\/\/nativa-institute.eu\/wp-content\/uploads\/2019\/04\/karanfili-1-1024x632.jpeg\" alt=\"\" class=\"wp-image-211\" srcset=\"https:\/\/nativa-institute.eu\/wp-content\/uploads\/2019\/04\/karanfili-1-1024x632.jpeg 1024w, https:\/\/nativa-institute.eu\/wp-content\/uploads\/2019\/04\/karanfili-1-300x185.jpeg 300w, https:\/\/nativa-institute.eu\/wp-content\/uploads\/2019\/04\/karanfili-1-768x474.jpeg 768w, https:\/\/nativa-institute.eu\/wp-content\/uploads\/2019\/04\/karanfili-1.jpeg 1500w\" sizes=\"auto, (max-width: 767px) 89vw, (max-width: 1000px) 54vw, (max-width: 1071px) 543px, 580px\" \/><figcaption>Karanfili<br>Photo: Igor Stojovi\u0107<\/figcaption><\/figure>\n\n\n\n<p>\u00ab&nbsp;Montagnes\nmaudites&nbsp;\u00bb mais pourquoi maudites&nbsp;? L\u2019explication rel\u00e8ve d\u2019un m\u00e9lange\nde v\u00e9cu et de l\u00e9gendes et les versions sont nombreuses, demandez aux locaux et\nvoyez ce qu\u2019ils vous diront \u00e0 leurs propos.<\/p>\n\n\n\n<p>Si vous partez au Kosovo et au Mont\u00e9n\u00e9gro avec le souhait de faire du shopping ou de vous retrouver dans des complexes h\u00f4teliers luxueux, alors peut-\u00eatre faudrait-il reconsid\u00e9rer votre choix de destination&nbsp;; non pas qu\u2019il n\u2019y ait pas de tels complexes ou de b\u00e2timents \u00e0 visiter, mais il semblerait que ces deux pays aient mis l\u2019accent sur le tourisme vert, sur le tourisme de nature. <\/p>\n\n\n\n<figure class=\"wp-block-image\"><img loading=\"lazy\" decoding=\"async\" width=\"640\" height=\"640\" src=\"http:\/\/nativa-institute.eu\/wp-content\/uploads\/2019\/04\/lac-plav.jpg\" alt=\"\" class=\"wp-image-205\" srcset=\"https:\/\/nativa-institute.eu\/wp-content\/uploads\/2019\/04\/lac-plav.jpg 640w, https:\/\/nativa-institute.eu\/wp-content\/uploads\/2019\/04\/lac-plav-150x150.jpg 150w, https:\/\/nativa-institute.eu\/wp-content\/uploads\/2019\/04\/lac-plav-300x300.jpg 300w, https:\/\/nativa-institute.eu\/wp-content\/uploads\/2019\/04\/lac-plav-100x100.jpg 100w\" sizes=\"auto, (max-width: 640px) 100vw, 640px\" \/><figcaption>Lac de Plav vue depuis l&#8217;h\u00f4tel Komenovo Etno Selo <br>Photo: Franck Gaudilli\u00e8re<\/figcaption><\/figure>\n\n\n\n<p>Ces beaux pays ont connu des guerres \u00e0 r\u00e9p\u00e9tition ces derni\u00e8res ann\u00e9es mais ceci appartient au pass\u00e9 maintenant&nbsp;; le Monast\u00e8re de De\u010dani au Kosovo a su survivre \u00e0 la guerre, \u00e0 l\u2019entr\u00e9e la KFOR vous donnera le pass pour acc\u00e9der \u00e0 ce monast\u00e8re orthodoxe serbe riche d\u2019histoire et juste magnifique de l\u2019int\u00e9rieur, un chef-d\u2019\u0153uvre, il est d\u2019ailleurs inscrit sur la liste du patrimoine mondiale culturel de L\u2019UNESCO et compte parmi les cinq plus importants lieux saints du bassin m\u00e9diterran\u00e9en. <\/p>\n\n\n\n<p>Je vous propose donc\nune chose&nbsp;: laisser vos&nbsp; a priori\nderri\u00e8re vous et venez oser les Montagnes Maudites dans ce parc naturel national\nentre&nbsp; Kosovo et Mont\u00e9n\u00e9gro (et l\u2019Albanie\naussi), venez sans chercher quoique se soit en particulier et garanti, vous en\nrepartirez le c\u0153ur rempli, cette contr\u00e9e charmante est parfaite pour ceux qui\ncherchent \u00e0 passer un break loin de l\u2019agitation des villes, loin des complexes\nde luxe, elle est d\u00e9di\u00e9e \u00e0 ceux qui cherchent une touche d\u2019exotisme culturel en\nplein continent europ\u00e9en, et \u00e0 ceux qui veulent se sentir bien et \u00e0 l\u2019aise, \u00e0\nnous amoureux de la Nature.<\/p>\n\n\n\n<p><strong>Vous \u00eates les invit\u00e9s, et la Nature l\u2019h\u00f4te et pas\nl\u2019inverse<\/strong><\/p>\n\n\n\n<p>Le respect est omnipr\u00e9sent et c\u2019est tant mieux, c\u2019est charmant et \u00e7\u00e0 nous rend heureux. Quand vous tomberez sur les \u00ab&nbsp;Katun&nbsp;\u00bb (prononcez katounes \u2013 petites maisons de bois dont l\u2019utilit\u00e9 est de pouvoir y passer la nuit et de restaurer) en altitude pendant un randonn\u00e9e, vous penserez qu\u2019il fait bon d\u2019\u00eatre humain et qu\u2019il est plut\u00f4t facile de faire plaisir avec des gestes simples comme d\u2019offrir un verre de lait naturel, ou un yaourt fait maison ou du fromages aussi fait maison aux randonneurs que vous \u00eates. Etre l\u2019invit\u00e9 dans ces pays est une invitation au voyage, entre la dimension culinaire, humaine et culturelle vous serez transport\u00e9s et port\u00e9s par cette bont\u00e9 exceptionnelle de ces gens. <strong>L\u2019Eco Katun Rosi <\/strong>\u00e0 Vusanje au Mont\u00e9n\u00e9gro offre de petits h\u00e9bergements pour couples familles ou backpackers d\u2019avril \u00e0 novembre selon l\u2019enneigement, calme et tranquillit\u00e9 sont au rendez-vous. <\/p>\n\n\n\n<p><strong>Calme et respect<\/strong><\/p>\n\n\n\n<p>Partir de chez soi&nbsp;: c\u2019est l\u2019opportunit\u00e9 de quitter ce qu\u2019on connait, d\u2019aller \u00e0 la rencontre du nouveau, et c\u2019est l\u2019occasion de laisser, le temps du voyage, ces probl\u00e8mes derri\u00e8re soi, de se recharger; le calme et la tranquillit\u00e9 sont ce que vous pourriez venir chercher en venant dans cette r\u00e9gion transfrontali\u00e8re loin des grandes villes et vous les trouverez. <\/p>\n\n\n\n<figure class=\"wp-block-image\"><img loading=\"lazy\" decoding=\"async\" width=\"640\" height=\"640\" src=\"http:\/\/nativa-institute.eu\/wp-content\/uploads\/2019\/04\/lake-Views.jpg\" alt=\"\" class=\"wp-image-206\" srcset=\"https:\/\/nativa-institute.eu\/wp-content\/uploads\/2019\/04\/lake-Views.jpg 640w, https:\/\/nativa-institute.eu\/wp-content\/uploads\/2019\/04\/lake-Views-150x150.jpg 150w, https:\/\/nativa-institute.eu\/wp-content\/uploads\/2019\/04\/lake-Views-300x300.jpg 300w, https:\/\/nativa-institute.eu\/wp-content\/uploads\/2019\/04\/lake-Views-100x100.jpg 100w\" sizes=\"auto, (max-width: 640px) 100vw, 640px\" \/><figcaption>Vue depuis l&#8217;h\u00f4tel Lake Views, Plav, emplacement camping l&#8217;\u00e9t\u00e9 en plus <br>Photo: Franck Gaudilli\u00e8re<\/figcaption><\/figure>\n\n\n\n<p>Mais pas\nseulement, vous trouverez aussi une hospitalit\u00e9 et une chaleur humaine digne de\nl\u2019Humanit\u00e9 dans toute sa splendeur. Les locaux sont \u00e0 l\u2019image de cette nature\nenvironnante et calme, vous y prendrez s\u00fbrement plaisir \u00e0 vous relaxer dans ce\npetit paradis Balkan o\u00f9 ni la vie ni les gens semblent faire du bruit. <\/p>\n\n\n\n<p><strong>Une faune, une flore, un sanctuaire de nature<\/strong><\/p>\n\n\n\n<p>Quand la Nature est\nrespect\u00e9e, elle nous offre un beau spectacle &#8211; entre plantes, fleurs et animaux\nsauvages ces Montagnes Maudites regorgent de tr\u00e9sors naturels.<\/p>\n\n\n\n<figure class=\"wp-block-image\"><img loading=\"lazy\" decoding=\"async\" width=\"640\" height=\"640\" src=\"http:\/\/nativa-institute.eu\/wp-content\/uploads\/2019\/04\/butterfly.jpg\" alt=\"\" class=\"wp-image-207\" srcset=\"https:\/\/nativa-institute.eu\/wp-content\/uploads\/2019\/04\/butterfly.jpg 640w, https:\/\/nativa-institute.eu\/wp-content\/uploads\/2019\/04\/butterfly-150x150.jpg 150w, https:\/\/nativa-institute.eu\/wp-content\/uploads\/2019\/04\/butterfly-300x300.jpg 300w, https:\/\/nativa-institute.eu\/wp-content\/uploads\/2019\/04\/butterfly-100x100.jpg 100w\" sizes=\"auto, (max-width: 640px) 100vw, 640px\" \/><figcaption>Faune que l&#8217;on peut toucher du bout du doigt <br>Photo: Franck Gaudilli\u00e8re<\/figcaption><\/figure>\n\n\n\n<p>Les montagnes \u00e7\u00e0 reste des montagnes\u2026 enfin \u00e7\u00e0 c\u2019est ce que je pensais avant \u00ab&nbsp;d\u2019atterrir&nbsp;\u00bb dans cette r\u00e9gion entre Decan, Peja, Djakova, Junikau Kosovo et Plav, Gusinje, Rozaje au Mont\u00e9n\u00e9gro. Le Kosovo et le Mont\u00e9n\u00e9gro sont deux relativement petits pays qui m\u00e9ritent le d\u00e9tour et qui ne demandent qu\u2019\u00e0 \u00eatre explor\u00e9s et foul\u00e9s par vos pieds, que se soit en montagne, au bord d\u2019une rivi\u00e8re, devant une cascade ou autour du <strong>lac de Plav (rencontre de p\u00eacheurs tous les ans l\u2019\u00e9t\u00e9 pour un Championnat Europ\u00e9en de p\u00eache \u00e0 la mouche)<\/strong>. C\u2019est un lac o\u00f9 l\u2019eau se renouvelle tous les 4 jours. <\/p>\n\n\n\n<p><strong>Une route pour traverser la montagne et pour relier la\npartie Kosovare \u00e0 la partie Mont\u00e9n\u00e9grine des Montagnes Maudites.<\/strong><\/p>\n\n\n\n<p>D\u2019ici 2020 la route longue de 28 kilom\u00e8tres devraient pouvoir relier le Kosovo au Mont\u00e9n\u00e9gro en passant directement par les Montagnes Maudites. Pour le moment c\u2019est une autre route de 120 kilom\u00e8tres environ de long seulement qui nous permet de passer du Kosovo au Mont\u00e9n\u00e9gro. Ces deux pays sont relativement montagneux, le sommet le plus haut du Kosovo \u00e9tant le Gjeravica culminant \u00e0 2&nbsp;656 m\u00e8tres d\u2019altitude dans le massif montagneux. Au pied de se massif, le dernier h\u00f4tel avant d\u2019entamer l\u2019ascension de cette cha\u00eene de montagnes, <strong>l\u2019h\u00f4tel et restaurant Kalaja e Decanit<\/strong> blotti au creux de la vall\u00e9e offre un dernier relais \u2013 ravitaillement. <\/p>\n\n\n\n<figure class=\"wp-block-image\"><img loading=\"lazy\" decoding=\"async\" width=\"967\" height=\"877\" src=\"http:\/\/nativa-institute.eu\/wp-content\/uploads\/2019\/04\/map.jpg\" alt=\"\" class=\"wp-image-208\" srcset=\"https:\/\/nativa-institute.eu\/wp-content\/uploads\/2019\/04\/map.jpg 967w, https:\/\/nativa-institute.eu\/wp-content\/uploads\/2019\/04\/map-300x272.jpg 300w, https:\/\/nativa-institute.eu\/wp-content\/uploads\/2019\/04\/map-768x697.jpg 768w\" sizes=\"auto, (max-width: 767px) 89vw, (max-width: 1000px) 54vw, (max-width: 1071px) 543px, 580px\" \/><figcaption>En rouge la zone des Montagnes Maudites entre Kosovo \u00e0 droite et Mon\u00e9n\u00e9gro \u00e0 gauche<\/figcaption><\/figure>\n\n\n\n<p>Les Pics des Balkans est un trek transfrontalier \u00e0 faire de quelques jours dans les plus hauts pics de montagnes des Montagnes Maudites du Kosovo \u2013 Mont\u00e9n\u00e9gro. <\/p>\n\n\n\n<p><strong>Activit\u00e9s pour ceux pour qui contempler ne suffit pas<\/strong><\/p>\n\n\n\n<p>Amoureux de la Nature contemplatifs ou amoureux de la Nature actifs, vous avez de quoi faire ici, entre zip line, randonn\u00e9es, camping sauvage, rafting, canyoning, ski, luge, \u00e9t\u00e9 comme hiver il y a de quoi faire. &nbsp;La saison hiver, commence en septembre et dure un bon sept mois. Climat continental oblige l\u2019\u00e9t\u00e9 vous aurez chaud. L\u2019\u00e9t\u00e9 c\u2019est aussi la saison des festivals en tous genres. <\/p>\n\n\n\n<figure class=\"wp-block-image\"><img loading=\"lazy\" decoding=\"async\" width=\"1024\" height=\"850\" src=\"http:\/\/nativa-institute.eu\/wp-content\/uploads\/2019\/04\/sunset-1024x850.jpg\" alt=\"\" class=\"wp-image-222\" srcset=\"https:\/\/nativa-institute.eu\/wp-content\/uploads\/2019\/04\/sunset-1024x850.jpg 1024w, https:\/\/nativa-institute.eu\/wp-content\/uploads\/2019\/04\/sunset-300x249.jpg 300w, https:\/\/nativa-institute.eu\/wp-content\/uploads\/2019\/04\/sunset-768x638.jpg 768w, https:\/\/nativa-institute.eu\/wp-content\/uploads\/2019\/04\/sunset.jpg 1737w\" sizes=\"auto, (max-width: 767px) 89vw, (max-width: 1000px) 54vw, (max-width: 1071px) 543px, 580px\" \/><figcaption>De\u00e7an<br>Photo: Tadeja L. Colnar<br><\/figcaption><\/figure>\n\n\n\n<p>Si vous n\u2019\u00eates pas attir\u00e9s par ces activit\u00e9s et \u00ab&nbsp;bains de foules&nbsp;\u00bb, il reste un moyen de se rafra\u00eechir en prenant de l\u2019altitude ou en se baignant dans les cours d\u2019eau environnants. Trouvez l\u2019office du tourisme le plus proche (\u00e0 Plav au Mont\u00e9n\u00e9gro, \u00e0 Peja, De\u00e7an et Gjakova au Kosovo) et ils vous expliqueront o\u00f9 aller et comment. <\/p>\n\n\n\n<p>Le tourisme \u00e9tant encore peu d\u00e9velopp\u00e9 dans ces pays, il n\u2019est pas facile de trouver un office du tourisme dans chaque village mais demandez autour de vous \u00e0 rencontrer un guide de haute montagne pour vous accompagner, en g\u00e9n\u00e9ral se sont des amoureux de la nature et des enfants du pays qui savent o\u00f9 vous emmener et ils seront fiers de vous montrer ce que la Nature locale pour vous offrir. <strong>Le club alpin de Junik <\/strong>est \u00e0 contacter une fois arriv\u00e9e \u00e0 Junik (au Kosovo, prononcer Younik) pour organiser une excursion ou randonn\u00e9e. <\/p>\n\n\n\n<p><strong>Un jardin botanique Velemun <\/strong> (Plav, Mont\u00e9n\u00e9gro) est \u00e0 visiter et vous y trouverez un passionn\u00e9 qui re\u00e7oit de temps \u00e0 autres d\u2019autres botanistes du reste de l\u2019Europe. <\/p>\n\n\n\n<p>Chers Amoureux de\nla Nature, chers touristes et futurs touristes, \u00e0 chaque fois que vous voyagez\nvous devenez ambassadeur de votre pays \u00e0 l\u2019\u00e9tranger, laissez-vous appr\u00e9cier ce\nque cette r\u00e9gion sauvage \u00e0 de mieux \u00e0 offrir \u00e0 savoir la nature, les gens et de\nbons souvenirs \u00e0 ramener aux pays.<\/p>\n\n\n\n<p><br><\/p>\n","protected":false},"excerpt":{"rendered":"<p>Franck Gaudilli\u00e8re #franckplanete Amoureux de la Nature, j\u2019ai le plaisir de vous pr\u00e9senter cette r\u00e9gion transfrontali\u00e8re entre le Mont\u00e9n\u00e9gro et le Kosovo: \u00ab&nbsp;Montagnes Maudites&nbsp;\u00bb ou un sanctuaire pour la Nature comme on aime la voir lorsqu\u2019on part en balade, lorsqu\u2019on part en randonn\u00e9e, lorsqu\u2019on part \u00e0 l\u2019aventure, bref, une Nature comme on aime la voir &hellip; <\/p>\n<p class=\"link-more\"><a href=\"https:\/\/nativa-institute.eu\/index.php\/2019\/04\/19\/amoureux-de-la-nature-et-de-laventure-voici-les-montagnes-maudites-kosovo-et-montenegro-calling\/\" class=\"more-link\">Continue reading<span class=\"screen-reader-text\"> &#8220;Amoureux de la nature et de l\u2019aventure,  voici les Montagnes Maudites !  Kosovo et Mont\u00e9n\u00e9gro calling !&#8221;<\/span><\/a><\/p>\n","protected":false},"author":1,"featured_media":0,"comment_status":"open","ping_status":"open","sticky":false,"template":"","format":"standard","meta":{"footnotes":""},"categories":[1],"tags":[],"class_list":["post-204","post","type-post","status-publish","format-standard","hentry","category-uncategorized"],"_links":{"self":[{"href":"https:\/\/nativa-institute.eu\/index.php\/wp-json\/wp\/v2\/posts\/204","targetHints":{"allow":["GET"]}}],"collection":[{"href":"https:\/\/nativa-institute.eu\/index.php\/wp-json\/wp\/v2\/posts"}],"about":[{"href":"https:\/\/nativa-institute.eu\/index.php\/wp-json\/wp\/v2\/types\/post"}],"author":[{"embeddable":true,"href":"https:\/\/nativa-institute.eu\/index.php\/wp-json\/wp\/v2\/users\/1"}],"replies":[{"embeddable":true,"href":"https:\/\/nativa-institute.eu\/index.php\/wp-json\/wp\/v2\/comments?post=204"}],"version-history":[{"count":9,"href":"https:\/\/nativa-institute.eu\/index.php\/wp-json\/wp\/v2\/posts\/204\/revisions"}],"predecessor-version":[{"id":223,"href":"https:\/\/nativa-institute.eu\/index.php\/wp-json\/wp\/v2\/posts\/204\/revisions\/223"}],"wp:attachment":[{"href":"https:\/\/nativa-institute.eu\/index.php\/wp-json\/wp\/v2\/media?parent=204"}],"wp:term":[{"taxonomy":"category","embeddable":true,"href":"https:\/\/nativa-institute.eu\/index.php\/wp-json\/wp\/v2\/categories?post=204"},{"taxonomy":"post_tag","embeddable":true,"href":"https:\/\/nativa-institute.eu\/index.php\/wp-json\/wp\/v2\/tags?post=204"}],"curies":[{"name":"wp","href":"https:\/\/api.w.org\/{rel}","templated":true}]}}